[{"@context":"https:\/\/schema.org\/","@type":"Article","@id":"https:\/\/www.polimont.cz\/krasa-k-zivotu-patri\/#Article","mainEntityOfPage":"https:\/\/www.polimont.cz\/krasa-k-zivotu-patri\/","headline":"Kr\u00e1sa k \u017eivotu pat\u0159\u00ed","name":"Kr\u00e1sa k \u017eivotu pat\u0159\u00ed","description":"Lid\u00e9 se v \u017eivot\u011b obklopuj\u00ed nejr\u016fzn\u011bj\u0161\u00edmi v\u011bcmi. N\u011bkter\u00e9 shroma\u017e\u010fuj\u00ed proto,%gutenbiz-readmore%","datePublished":"2020-10-23","dateModified":"2023-05-19","author":{"@type":"Person","@id":"https:\/\/www.polimont.cz\/author\/#Person","name":"","url":"https:\/\/www.polimont.cz\/author\/","identifier":1,"image":{"@type":"ImageObject","@id":"https:\/\/secure.gravatar.com\/avatar\/33549a3bd69022b5544ec751c6f690d75868252394a5ec007d9ed3f2c30f7874?s=96&d=mm&r=g","url":"https:\/\/secure.gravatar.com\/avatar\/33549a3bd69022b5544ec751c6f690d75868252394a5ec007d9ed3f2c30f7874?s=96&d=mm&r=g","height":96,"width":96}},"publisher":{"@type":"Organization","name":"polimont.cz","logo":{"@type":"ImageObject","@id":"\/logo.png","url":"\/logo.png","width":600,"height":60}},"image":{"@type":"ImageObject","@id":"https:\/\/www.polimont.cz\/wp-content\/uploads\/v%C3%A1no%C4%8Dn%C3%AD%20ozdoby_2.jpg","url":"https:\/\/www.polimont.cz\/wp-content\/uploads\/v%C3%A1no%C4%8Dn%C3%AD%20ozdoby_2.jpg","height":0,"width":0},"url":"https:\/\/www.polimont.cz\/krasa-k-zivotu-patri\/","about":["Slu\u017eby"],"wordCount":434,"articleBody":"   Lid\u00e9 se v \u017eivot\u011b obklopuj\u00ed nejr\u016fzn\u011bj\u0161\u00edmi v\u011bcmi. N\u011bkter\u00e9 shroma\u017e\u010fuj\u00ed proto, aby jim tyto prokazovaly dobr\u00e9 nebo aspo\u0148 pot\u0159ebn\u00e9 slu\u017eby, jin\u00e9 ale klidn\u011b i jenom proto, \u017ee dob\u0159e vypadaj\u00ed. Proto\u017ee i kr\u00e1sa k lidsk\u00e9mu \u017eivotu pat\u0159\u00ed, ani v\u00fdznam estetick\u00e9ho c\u00edt\u011bn\u00ed se nesm\u00ed podce\u0148ovat.A tak si n\u011bkdo p\u0159inejmen\u0161\u00edm \u010das od \u010dasu po\u0159izuje i n\u011bjak\u00e9 ty ozdoby, dekorativn\u00ed p\u0159edm\u011bty, talismany a podobn\u00e9 v\u011bci, a n\u011bkdo t\u0159eba p\u0159ij\u00edm\u00e1 nebo naopak rozd\u00e1v\u00e1 i r\u016fzn\u00e9 propaga\u010dn\u00ed a upom\u00ednkov\u00e9 p\u0159edm\u011bty.A kde se takov\u00e1 kr\u00e1sa bere? Pokud chce \u010dlov\u011bk na t\u00e9to \u0161et\u0159it, vol\u00ed n\u011bjak\u00e9 ty pr\u016fmyslov\u00e9 v\u00fdrobky, je\u017e chrl\u00ed tov\u00e1rny v ohromn\u00fdch kvantech a kter\u00e9 kv\u016fli t\u00e9to s\u00e9riov\u00e9 v\u00fdrob\u011b vych\u00e1zej\u00ed docela levn\u011b. Nen\u00ed d\u016fvod, pro\u010d by se tak neu\u010dinilo.Jen\u017ee ti, kdo cht\u011bj\u00ed nejen n\u011bco hezk\u00e9ho, ale kdo cht\u011bj\u00ed z\u00e1rove\u0148 i kvalitu, jedine\u010dnost a skute\u010dnou hodnotu, d\u00e1vaj\u00ed p\u0159ednost rukod\u011bln\u00fdm v\u00fdrobk\u016fm. Do t\u011bch je toti\u017e vlo\u017een i nemal\u00fd kus skute\u010dn\u00e9 pr\u00e1ce lidsk\u00fdch rukou, v t\u011bch je skryta zru\u010dnost lid\u00ed, zde je ka\u017ed\u00fd kus skute\u010dn\u00fdm unik\u00e1tem. A pr\u00e1v\u011b to se d\u00e1 po\u0159\u00eddit u firmy Selvintech, je\u017e se na v\u00fdrobu a prodej v\u00fdlu\u010dn\u011b rukod\u011bln\u00fdch v\u00fdrobk\u016f tohoto typu specializuje. Zde se ned\u00e1 po\u0159\u00eddit nic jin\u00e9ho ne\u017e esteticky dokonal\u00e9 v\u00fdrobky, kter\u00e9 poch\u00e1zej\u00ed od na\u0161ich spoluob\u010dan\u016f a jsou vytvo\u0159eny bez v\u00fdjimky zlat\u00fdmi \u010desk\u00fdmi ru\u010di\u010dkami.Od Selvintech tak poch\u00e1z\u00ed nesporn\u011b hodnotn\u00e9 v\u00e1no\u010dn\u00ed ozdoby, ale i jin\u00e9 estetick\u00e9 p\u0159edm\u011bty, talismany, propaga\u010dn\u00ed a d\u00e1rkov\u00e9 p\u0159edm\u011bty a podobn\u011b, je\u017e nal\u00e9zaj\u00ed odbyti\u0161t\u011b jak u n\u00e1s, tak i jinde po Evropsk\u00e9 unii. Tyto v\u00fdrobky jsou pro svou kvalitu cen\u011bn\u00e9 a t\u011b\u0161\u00ed se velk\u00e9 oblib\u011b. A to nejen u t\u011bch, kdo si je kupuj\u00ed. Na sv\u00e9 si tu toti\u017e p\u0159ijdou i ti, kdo je n\u011bkde doma vyr\u00e1b\u011bj\u00ed a p\u0159ivyd\u011bl\u00e1vaj\u00ed si t\u00edm.A pokud byste cht\u011bli, m\u016f\u017eete se i vy na Selvintech spolehnout. A\u0165 u\u017e si chcete koupit n\u011bco kr\u00e1sn\u00e9ho, nebo pro tuto firmu naopak pracovat, m\u00e1te tu mo\u017enost. A pokud ji vyu\u017eijete, nebudete litovat.                                                                                                                                                                                                                                                                                                                                                                                          3.8\/5 - (5 votes)        "},{"@context":"https:\/\/schema.org\/","@type":"BreadcrumbList","itemListElement":[{"@type":"ListItem","position":1,"name":"Kr\u00e1sa k \u017eivotu pat\u0159\u00ed","item":"https:\/\/www.polimont.cz\/krasa-k-zivotu-patri\/#breadcrumbitem"}]}]